{"id":749,"date":"2019-06-07T12:29:29","date_gmt":"2019-06-07T11:29:29","guid":{"rendered":"http:\/\/www.lesyeuxdom.fr\/lesyeux\/?p=749"},"modified":"2020-09-20T15:37:04","modified_gmt":"2020-09-20T14:37:04","slug":"no-trespassing","status":"publish","type":"post","link":"http:\/\/www.lesyeuxdom.fr\/lesyeux\/?p=749","title":{"rendered":"No trespassing"},"content":{"rendered":"\n<div class=\"wp-block-image\"><figure class=\"aligncenter is-resized\"><img loading=\"lazy\" decoding=\"async\" src=\"http:\/\/www.lesyeuxdom.fr\/lesyeux\/wp-content\/uploads\/2019\/06\/IMG_4523.jpg\" alt=\"\" class=\"wp-image-750\" width=\"802\" height=\"320\" srcset=\"http:\/\/www.lesyeuxdom.fr\/lesyeux\/wp-content\/uploads\/2019\/06\/IMG_4523.jpg 800w, http:\/\/www.lesyeuxdom.fr\/lesyeux\/wp-content\/uploads\/2019\/06\/IMG_4523-300x119.jpg 300w, http:\/\/www.lesyeuxdom.fr\/lesyeux\/wp-content\/uploads\/2019\/06\/IMG_4523-768x305.jpg 768w, http:\/\/www.lesyeuxdom.fr\/lesyeux\/wp-content\/uploads\/2019\/06\/IMG_4523-500x199.jpg 500w\" sizes=\"(max-width: 802px) 100vw, 802px\" \/><\/figure><\/div>\n\n\n\n<p><\/p>\n\n\n\n<p><a href=\"http:\/\/www.filigraneslarevue.fr\">(Paru dans Filigranes N\u00b0101)<\/a><\/p>\n\n\n\n<blockquote class=\"wp-block-quote is-layout-flow wp-block-quote-is-layout-flow\"><p><\/p><p>\u00ab\u00a0Ce point, si petit, pourtant contient les autres points<br> en cendre\u00a0\u00bb, disait-il.<br>         <em>Edmond Jab\u00e8s<\/em>, El ou le dernier livre<\/p><\/blockquote>\n\n\n\n<p>\u00e0 Marseille, des grilles prot\u00e8gent les maisons en d\u00e9molition, rue d&rsquo;Aubagne \/ Un mur entoure le chantier de la Plaine et en emp\u00eache l&rsquo;acc\u00e8s \/ No trespassing avais-je lu sur un transfo, il y a peu, c&rsquo;\u00e9tait du c\u00f4t\u00e9 de Brooklyn<\/p>\n\n\n\n<p>sur le chemin du sens j&rsquo;ai parcouru les mondes<br>\nceux de la nuit, ombres tremblantes qui taguent les murs <br>\nceux du jour, leur aveuglante clart\u00e9  <\/p>\n\n\n\n<p>c\u2019est un lieu rass\u00e9r\u00e9n\u00e9 que j&rsquo;esp\u00e9rais <br>\nquelque chose qui nous raccorderait \u00e0 nous-m\u00eames<br>\nun voile chaud pos\u00e9 vers le soir sur notre d\u00e9sir de consonance <\/p>\n\n\n\n<p>sur le chemin du sens j\u2019ai questionn\u00e9 ce qui s&rsquo;encode <br>\nmais de ces fils que je voulais nouer, <br>\nde ces sillons dont le temps a ravin\u00e9 les peaux  <br>\nce que les r\u00eaves en restituent est si peu<br>\nce qui peut se dire de nos vies, si d\u00e9charn\u00e9  <\/p>\n\n\n\n<p>et j&rsquo;ai r\u00eav\u00e9 de vous, la chaleur de vos corps, <br>\nvos parfums m&rsquo;envahissant, et j&rsquo;ai r\u00eav\u00e9 d&rsquo;un manque <br>\nil se reconfigurait<\/p>\n\n\n\n<p>et de toi encore, ta parole comme une flamb\u00e9e, <br>\nnon morire mai, \u00ab\u00a0ne mourirai plus\u00a0\u00bb, avais-je d\u00e9cid\u00e9 de croire, <\/p>\n\n\n\n<p>et j&rsquo;ai lu comme un enfant le phylact\u00e8re, <br>bulle \u00e9chapp\u00e9e de tes l\u00e8vres sous l&rsquo;arche \u00e0 l&rsquo;entr\u00e9e de la ville<br>\u00e0 Ravenne alors que <br>mosa\u00efque d\u00e9faite <br>vers le ciel d\u00e9j\u00e0 tu t&rsquo;\u00e9chappais<\/p>\n\n\n\n<p>de point en point, de jour en nuit, en jour, en nuit <br>\nnous voyageons sans bagage    <br>\nchiens sans ma\u00eetre, nous passons et repassons les fronti\u00e8res, <br>\nsautons les barri\u00e8res, enjambons les ponts<\/p>\n\n\n\n<p>mais quand dans la p\u00e2leur des petits matins <br>s&rsquo;ouvrent nos yeux, <br> quand ce que nous voudrions reconstruire nous <br>le savons perdu d\u00e9j\u00e0,<br> quand ce que nous en comprenons n&rsquo;est plus que <br> poussi\u00e8re virvoltant dans le vent,<br> quand en nous cette disjonction, <br> ce passer outre, ce tr\u00e9pas\u2026<\/p>\n\n\n\n<p>le point est une camisole, <br>\u00e0 petit feu s&rsquo;y consument les r\u00eaves <\/p>\n\n\n\n<p>herses de Mac\u00e9doine, aciers de Tijuana, b\u00e9tons de Gaza, <br>\nbarbel\u00e9s des camps, mitans du monde, \u00e9crans et vid\u00e9os, <br>\nvous qui nous soustrayez \u00e0 nous-m\u00eames      <br>\ncl\u00f4tures, biom\u00e9tries, empreintes,     <br>\nvous qui feignez de r\u00e9unir mais raboutez seulement, <br>\nsignes qui affleurez aux pierres mais vous d\u00e9robez<\/p>\n\n\n\n<p class=\"wp-block-code\"><code>&nbsp;<\/code><\/p>\n\n\n\n<p><code>de quoi \u00eates-vous le nom ?<\/code><\/p>\n\n\n\n<p>\u00ab\u00a0la dissonance pr\u00e9serv\u00e9e, seule retiendra-t-elle<br> en son sein, ce qui en nous est <br> faim sans fin ?\u00a0\u00bb r\u00e9pondis-je.<\/p>\n\n\n\n<p>M.N. (mai 2019)<\/p>\n","protected":false},"excerpt":{"rendered":"<p>(Paru dans Filigranes N\u00b0101) \u00ab\u00a0Ce point, si petit, pourtant contient les autres points en cendre\u00a0\u00bb, disait-il. Edmond Jab\u00e8s, El ou le dernier livre \u00e0 Marseille, des grilles prot\u00e8gent les maisons en d\u00e9molition, rue d&rsquo;Aubagne \/ Un mur entoure le chantier &hellip; <a href=\"http:\/\/www.lesyeuxdom.fr\/lesyeux\/?p=749\">Continuer la lecture <span class=\"meta-nav\">&rarr;<\/span><\/a><\/p>\n","protected":false},"author":1,"featured_media":0,"comment_status":"closed","ping_status":"open","sticky":false,"template":"","format":"standard","meta":{"footnotes":""},"categories":[4,10],"tags":[],"class_list":["post-749","post","type-post","status-publish","format-standard","hentry","category-la-mort-viendra-elle-aura-tes-yeux-cesare-pavese","category-a-propos-decriture"],"_links":{"self":[{"href":"http:\/\/www.lesyeuxdom.fr\/lesyeux\/index.php?rest_route=\/wp\/v2\/posts\/749"}],"collection":[{"href":"http:\/\/www.lesyeuxdom.fr\/lesyeux\/index.php?rest_route=\/wp\/v2\/posts"}],"about":[{"href":"http:\/\/www.lesyeuxdom.fr\/lesyeux\/index.php?rest_route=\/wp\/v2\/types\/post"}],"author":[{"embeddable":true,"href":"http:\/\/www.lesyeuxdom.fr\/lesyeux\/index.php?rest_route=\/wp\/v2\/users\/1"}],"replies":[{"embeddable":true,"href":"http:\/\/www.lesyeuxdom.fr\/lesyeux\/index.php?rest_route=%2Fwp%2Fv2%2Fcomments&post=749"}],"version-history":[{"count":7,"href":"http:\/\/www.lesyeuxdom.fr\/lesyeux\/index.php?rest_route=\/wp\/v2\/posts\/749\/revisions"}],"predecessor-version":[{"id":801,"href":"http:\/\/www.lesyeuxdom.fr\/lesyeux\/index.php?rest_route=\/wp\/v2\/posts\/749\/revisions\/801"}],"wp:attachment":[{"href":"http:\/\/www.lesyeuxdom.fr\/lesyeux\/index.php?rest_route=%2Fwp%2Fv2%2Fmedia&parent=749"}],"wp:term":[{"taxonomy":"category","embeddable":true,"href":"http:\/\/www.lesyeuxdom.fr\/lesyeux\/index.php?rest_route=%2Fwp%2Fv2%2Fcategories&post=749"},{"taxonomy":"post_tag","embeddable":true,"href":"http:\/\/www.lesyeuxdom.fr\/lesyeux\/index.php?rest_route=%2Fwp%2Fv2%2Ftags&post=749"}],"curies":[{"name":"wp","href":"https:\/\/api.w.org\/{rel}","templated":true}]}}